

{"id":1008,"date":"2021-09-09T17:18:14","date_gmt":"2021-09-09T15:18:14","guid":{"rendered":"https:\/\/outpost.garf.de\/wordpress\/?p=1008"},"modified":"2021-09-09T17:20:12","modified_gmt":"2021-09-09T15:20:12","slug":"huettlebachklamm-und-schwarzkopf-bei-kruenn","status":"publish","type":"post","link":"https:\/\/outpost.garf.de\/wordpress\/index.php\/de\/2021\/09\/09\/huettlebachklamm-und-schwarzkopf-bei-kruenn\/","title":{"rendered":"H\u00fcttlebachklamm und Schwarzkopf bei Kr\u00fcn"},"content":{"rendered":"<p>Es sollte wirklich eine kleine Tour werden heute, niemand hat was von &#8222;keine H\u00f6henmeter&#8220; gesagt. <\/p>\n\n\n\n<p>Wir fahren mit dem Auto nach Kr\u00fcn und parken am Wanderparkplatz Griesweg direkt an der Isar. Nach dem Parkplatz gehen wir rechts zur Isarbr\u00fccke, \u00fcberqueren die Isar und gehen rechts weiter. An der Weggabelung kann man nach rechts gehen und von einer Bank aus die Isar anschauen, ausserdem hat es (meistens) auf diesem Wegzweig weniger Fahrr\u00e4der. <\/p>\n\n\n\n<p>An der Stelle an der die Abzweigung wieder auf den Hauptweg trifft gehen wir geradeaus weiter Richtung H\u00fcttlebachklamm. Der Weg wird zum (einfachen) Steig und \u00fcberquert den H\u00fcttlebach mehrmals. Am oberen Ende der Klamm endet der Weg in vielen vielen Stufen. Sehr vielen Stufen. Es geht zum oberen Rand der Klamm und man trifft auf einen Weg und hat nun die Wahl rechts direkt nach unten zu gehen, oder links weiter Richtung Schwarzkopf. Wir gehen nach links.<\/p>\n\n\n\n<p>Der Weg \u00fcberquert nacheinander die beiden B\u00e4che die die Klamm speisen und trifft dann auf eine Forststrasse, hier kann man wieder direkt nach Kr\u00fcn absteigen, wir gehen rechts weiter, an einem Unterstand vorbei. Der Weg wird wieder zum Steig und steigt zum Teil steil an (Stufen!). Nach einigen Wendungen kommen wir letztendlich am Aussichtspunkt Schwarzkopf an (wir gehen nicht bis zum Gipfel). Hier laden zwei B\u00e4nke zum Verweilen ein, wir machen eine kurze Pause.<\/p>\n\n\n\n<p>Zum Abstieg gehen wir den Steig weiter Richtung Kr\u00fcn, der Steig wird zun\u00e4chst zum einfachen Waldweg und letztendlich zur Forststrasse. Wir folgen den Schildern Richtung Kr\u00fcn und gelangen zur\u00fcck zur Isarbr\u00fccke.<\/p>\n\n\n\n<figure class=\"wp-block-table\"><table><tbody><tr><td>Distanz<\/td><td>5km<\/td><\/tr><tr><td>Dauer<\/td><td>3h (incl. ca. 45min Pause)<\/td><\/tr><tr><td>H\u00f6henmeter<\/td><td>300m<\/td><\/tr><tr><td>Beschattung<\/td><td>60%<\/td><\/tr><tr><td>Wege<\/td><td>Forststrasse, Waldweg, Steig, Stufen<\/td><\/tr><tr><td>Highlights<\/td><td>Klamm, Aussicht vom Schwarzkopf<\/td><\/tr><\/tbody><\/table><\/figure>\n\n\n\n<link rel='stylesheet' id='osm-ol3-css-css' href='https:\/\/outpost.garf.de\/wordpress\/wp-content\/plugins\/osm\/js\/OL\/10.9.0\/ol.css?ver=6.9.4' type='text\/css' media='all' \/>\n<link rel='stylesheet' id='osm-ol3-ext-css-css' href='https:\/\/outpost.garf.de\/wordpress\/wp-content\/plugins\/osm\/css\/osm_map_v3.css?ver=6.9.4' type='text\/css' media='all' \/>\n<link rel='stylesheet' id='osm-map-css-css' href='https:\/\/outpost.garf.de\/wordpress\/wp-content\/plugins\/osm\/css\/osm_map.css?ver=6.9.4' type='text\/css' media='all' \/>\n<script type=\"text\/javascript\" src=\"https:\/\/outpost.garf.de\/wordpress\/wp-includes\/js\/dist\/vendor\/wp-polyfill.min.js?ver=3.15.0\" id=\"wp-polyfill-js\"><\/script>\n<script type=\"text\/javascript\" src=\"https:\/\/outpost.garf.de\/wordpress\/wp-content\/plugins\/osm\/js\/OL\/10.9.0\/ol.js?ver=10.9.0\" id=\"osm-ol3-library-js\"><\/script>\n<script type=\"text\/javascript\" src=\"https:\/\/outpost.garf.de\/wordpress\/wp-content\/plugins\/osm\/js\/osm-v3-plugin-lib.js?ver=1.0.0\" id=\"osm-ol3-ext-library-js\"><\/script>\n<script type=\"text\/javascript\" src=\"https:\/\/outpost.garf.de\/wordpress\/wp-content\/plugins\/osm\/js\/osm-metabox-events.js?ver=1.0.0\" id=\"osm-ol3-metabox-events-js\"><\/script>\n<script type=\"text\/javascript\" src=\"https:\/\/outpost.garf.de\/wordpress\/wp-includes\/js\/jquery\/jquery.min.js?ver=3.7.1\" id=\"jquery-core-js\"><\/script>\n<script type=\"text\/javascript\" src=\"https:\/\/outpost.garf.de\/wordpress\/wp-includes\/js\/jquery\/jquery-migrate.min.js?ver=3.4.1\" id=\"jquery-migrate-js\"><\/script>\n<script type=\"text\/javascript\" id=\"osm-map-startup-js-extra\">\n\/* <![CDATA[ *\/\nvar translations = {\"openlayer\":\"open layer\",\"openlayerAtStartup\":\"open layer at startup\",\"generateLink\":\"link to this map with opened layers\",\"shortDescription\":\"short description\",\"generatedShortCode\":\"to get a text control link paste this code in your wordpress editor\",\"closeLayer\":\"close layer\",\"cantGenerateLink\":\"put this string in the existing map short code to control this map\"};\n\/\/# sourceURL=osm-map-startup-js-extra\n\/* ]]> *\/\n<\/script>\n<script type=\"text\/javascript\" src=\"https:\/\/outpost.garf.de\/wordpress\/wp-content\/plugins\/osm\/js\/osm-startup-lib.js?ver=V6.2.5\" id=\"osm-map-startup-js\"><\/script>\n\n        <div id=\"map_ol3js_1\"\n       class=\"osm-map-container undefined\"\n             data-map_name=\"undefined\"\n             data-map=\"map_ol3js_1\"\n             data-autoshow=\"no\"\n             style=\"width:100%;\n                    max-width:100%;\n                    height:450px;\n                    display:block;\n                    overflow:hidden;\n                    border:2px solid grey;\n                    position: relative;\">\n          <div id=\"map_ol3js_1_popup\" class=\"ol-popup\">\n            <a href=\"#\" id=\"map_ol3js_1_popup-closer\" class=\"ol-popup-closer\"><\/a>\n            <div id=\"map_ol3js_1_popup-content\"><\/div>\n          <\/div>\n        <\/div>\n    <script type=\"text\/javascript\">\n\t\t\t  vectorM['map_ol3js_1'] = [];\n\t        \n        var raster = getTileLayer(\"osm\",\"NoKey\");\t\t\t\n\n\t\t\t  var map_ol3js_1 = new ol.Map({\n\t\t\t\tinteractions: ol.interaction.defaults.defaults({mouseWheelZoom:false}),\n\t\t\t\tlayers: [raster],\n\t\t\t\ttarget: \"map_ol3js_1\",\n\t\t\t\tview: new ol.View({\n\t\t\t\t  center: ol.proj.transform([6.378,58.213], \"EPSG:4326\", \"EPSG:3857\"),\n\t\t\t\t  zoom: 9\n\t\t\t\t})\n\t\t\t  });\n\t\t\t  \n    var style_map_ol3js_1_0 = {\n      \"Point\": [new ol.style.Style({\n\n          image: new ol.style.Icon({\n            anchor: [0.5, 41],\n            anchorXUnits: \"fraction\",\n            anchorYUnits: \"pixels\",\n            opacity: 0.75,\n            src: \"https:\/\/outpost.garf.de\/wordpress\/wp-content\/plugins\/osm\/icons\/mic_red_pinother_02.png\"\n          })\n      })],\n\n      \"LineString\": [new ol.style.Style({\n        stroke: new ol.style.Stroke({\n          color: \"red\",\n          width: 8\n        })\n      })],\n      \"MultiLineString\": [new ol.style.Style({\n        stroke: new ol.style.Stroke({\n          color: \"red\",\n          width: 4\n        })\n      })]\n    };\n\t\t  var vectorL0 = new ol.layer.Vector({\n\t\t\t\tsource: new ol.source.Vector({\n\t\t\t\turl:\"https:\/\/outpost.garf.de\/wordpress\/wp-content\/uploads\/2021\/09\/2021-09-09-Huettlebachklamm.gpx\",\n\t\t\t\tformat: new ol.format.GPX({\n\t\t\t\t\textractStyles: false\n\t\t\t\t})\n\t\t\t}),\n\t\t\tzIndex: 92,\n\t\t\tstyle: function(feature, resolution) {return style_map_ol3js_1_0[feature.getGeometry().getType()];}\n\t\t  });\n\t\t  map_ol3js_1.addLayer(vectorL0);\n      var extension1 = ol.extent.createEmpty();\n      var curZoom1 = map_ol3js_1.getView().getZoom();\n\n      map_ol3js_1.getLayers().forEach(function(layer){\n         if(!layer.get(\"id\")) {     \n            layer.once(\"change\", function(e){\n               ol.extent.extend(extension1, (layer.getSource().getExtent()));\n               map_ol3js_1.getView().fit(extension1, {padding: [50, 50, 50, 50]});\n            });\n         }\n      });\n\n    \naddControls2Map(map_ol3js_1,0,0,3,0,5,6,7,0,1);\nosm_addPopupClickhandler(map_ol3js_1,  \"map_ol3js_1\"); \nosm_addMouseHover(map_ol3js_1); <\/script>","protected":false},"excerpt":{"rendered":"<p>Es sollte wirklich eine kleine Tour werden heute, niemand hat was von &#8222;keine H\u00f6henmeter&#8220; gesagt. Wir fahren mit dem Auto nach Kr\u00fcn und parken am Wanderparkplatz Griesweg direkt an der Isar. Nach dem Parkplatz gehen wir rechts zur Isarbr\u00fccke, \u00fcberqueren die Isar und gehen rechts weiter. An der Weggabelung kann man nach rechts gehen und [&hellip;]<\/p>\n","protected":false},"author":1,"featured_media":1010,"comment_status":"open","ping_status":"open","sticky":false,"template":"","format":"standard","meta":{"zakra_page_container_layout":"customizer","zakra_page_sidebar_layout":"customizer","zakra_remove_content_margin":false,"zakra_sidebar":"customizer","zakra_transparent_header":"customizer","zakra_logo":0,"zakra_main_header_style":"default","zakra_menu_item_color":"","zakra_menu_item_hover_color":"","zakra_menu_item_active_color":"","zakra_menu_active_style":"","zakra_page_header":true,"footnotes":""},"categories":[136],"tags":[174,170,173,132],"class_list":["post-1008","post","type-post","status-publish","format-standard","has-post-thumbnail","hentry","category-alpen-de","tag-aussicht","tag-klamm","tag-kruenn","tag-mittenwald"],"_links":{"self":[{"href":"https:\/\/outpost.garf.de\/wordpress\/index.php\/wp-json\/wp\/v2\/posts\/1008","targetHints":{"allow":["GET"]}}],"collection":[{"href":"https:\/\/outpost.garf.de\/wordpress\/index.php\/wp-json\/wp\/v2\/posts"}],"about":[{"href":"https:\/\/outpost.garf.de\/wordpress\/index.php\/wp-json\/wp\/v2\/types\/post"}],"author":[{"embeddable":true,"href":"https:\/\/outpost.garf.de\/wordpress\/index.php\/wp-json\/wp\/v2\/users\/1"}],"replies":[{"embeddable":true,"href":"https:\/\/outpost.garf.de\/wordpress\/index.php\/wp-json\/wp\/v2\/comments?post=1008"}],"version-history":[{"count":2,"href":"https:\/\/outpost.garf.de\/wordpress\/index.php\/wp-json\/wp\/v2\/posts\/1008\/revisions"}],"predecessor-version":[{"id":1012,"href":"https:\/\/outpost.garf.de\/wordpress\/index.php\/wp-json\/wp\/v2\/posts\/1008\/revisions\/1012"}],"wp:featuredmedia":[{"embeddable":true,"href":"https:\/\/outpost.garf.de\/wordpress\/index.php\/wp-json\/wp\/v2\/media\/1010"}],"wp:attachment":[{"href":"https:\/\/outpost.garf.de\/wordpress\/index.php\/wp-json\/wp\/v2\/media?parent=1008"}],"wp:term":[{"taxonomy":"category","embeddable":true,"href":"https:\/\/outpost.garf.de\/wordpress\/index.php\/wp-json\/wp\/v2\/categories?post=1008"},{"taxonomy":"post_tag","embeddable":true,"href":"https:\/\/outpost.garf.de\/wordpress\/index.php\/wp-json\/wp\/v2\/tags?post=1008"}],"curies":[{"name":"wp","href":"https:\/\/api.w.org\/{rel}","templated":true}]}}